{"id":6674,"date":"2026-03-04T17:50:08","date_gmt":"2026-03-04T17:50:08","guid":{"rendered":"https:\/\/albanitaly.al\/?p=6674"},"modified":"2026-03-22T10:57:46","modified_gmt":"2026-03-22T10:57:46","slug":"te-rinjte-dhe-dizajni-milani-e-quan-tiranen-panairin-e-mobiljeve","status":"publish","type":"post","link":"https:\/\/albanitaly.al\/sq\/giovani-e-design-milano-chiama-tirana-presentato-il-salone-del-mobile\/","title":{"rendered":"T\u00eb rinjt\u00eb dhe dizajni, Milani th\u00ebrret Tiran\u00ebn. Salone del Mobile prezantohet"},"content":{"rendered":"<p>Salone del Mobile n\u00eb Milano \u00ebsht\u00eb nj\u00eb ngjarje globale q\u00eb mbahet n\u00eb kryeqytetin e Lombardis\u00eb gjat\u00eb Jav\u00ebs s\u00eb Dizajnit q\u00eb nga viti 1961.<\/p>\n\n\n\n<p>P\u00ebr edicionin e 64-t\u00eb, i cili do t\u00eb mbahet nga 20 deri m\u00eb 26 prill, pritet q\u00eb m\u00eb shum\u00eb se 1,900 ekspozues nga 32 vende t\u00eb z\u00ebn\u00eb 169,000 metra katror\u00eb n\u00eb qendr\u00ebn e ekspozitave Fiera Milano n\u00eb Rho.<\/p>\n\n\n\n<figure class=\"wp-block-image size-large\"><img fetchpriority=\"high\" decoding=\"async\" width=\"1024\" height=\"768\" src=\"https:\/\/albanitaly.al\/wp-content\/uploads\/2026\/03\/WhatsApp-Image-2026-03-04-at-18.46.10-1-1024x768.jpeg\" alt=\"Imazhi i WhatsApp-it 2026 03 04 n\u00eb 18:46:10\" class=\"wp-image-6677\" srcset=\"https:\/\/albanitaly.al\/wp-content\/uploads\/2026\/03\/WhatsApp-Image-2026-03-04-at-18.46.10-1-1024x768.jpeg 1024w, https:\/\/albanitaly.al\/wp-content\/uploads\/2026\/03\/WhatsApp-Image-2026-03-04-at-18.46.10-1-300x225.jpeg 300w, https:\/\/albanitaly.al\/wp-content\/uploads\/2026\/03\/WhatsApp-Image-2026-03-04-at-18.46.10-1-768x576.jpeg 768w, https:\/\/albanitaly.al\/wp-content\/uploads\/2026\/03\/WhatsApp-Image-2026-03-04-at-18.46.10-1-1536x1152.jpeg 1536w, https:\/\/albanitaly.al\/wp-content\/uploads\/2026\/03\/WhatsApp-Image-2026-03-04-at-18.46.10-1-16x12.jpeg 16w, https:\/\/albanitaly.al\/wp-content\/uploads\/2026\/03\/WhatsApp-Image-2026-03-04-at-18.46.10-1.jpeg 2000w\" sizes=\"(max-width: 1024px) 100vw, 1024px\" \/><\/figure>\n\n\n\n<p>Por kjo nuk \u00ebsht\u00eb vendi i vet\u00ebm ku do t\u00eb zhvillohen ngjarjet, sepse e gjith\u00eb qyteti i Duomo-s do t\u00eb pres\u00eb instalacione n\u00eb pes\u00eb distrikte p\u00ebr dy dit\u00eb. .<\/p>\n\n\n\n<p>Nj\u00eb ngjarje brenda ngjarjes \u00ebsht\u00eb Salone Satellite, nj\u00eb shp\u00ebrthim i v\u00ebrtet\u00eb i krijimtaris\u00eb dhe eksperimentimit n\u00eb dizajn nga entuziast\u00eb n\u00ebn mosh\u00ebn 35 vje\u00e7 t\u00eb k\u00ebsaj forme arti. Ajo u themelua n\u00eb vitin 1998 nga Marva Griffin Wilshire, e lindur n\u00eb Venezuel\u00eb, e adoptuar n\u00eb Milano, gazetare dhe organizatore e ekspozitave dhe ngjarjeve kulturore e artistike.<\/p>\n\n\n\n<figure class=\"wp-block-image size-large\"><img decoding=\"async\" width=\"1024\" height=\"768\" src=\"https:\/\/albanitaly.al\/wp-content\/uploads\/2026\/03\/WhatsApp-Image-203-04-at-18.46.11-1024x768.jpeg\" alt=\"Imazhi i WhatsApp-it 203 04 n\u00eb 18:46:11\" class=\"wp-image-6678\" srcset=\"https:\/\/albanitaly.al\/wp-content\/uploads\/2026\/03\/WhatsApp-Image-203-04-at-18.46.11-1024x768.jpeg 1024w, https:\/\/albanitaly.al\/wp-content\/uploads\/2026\/03\/WhatsApp-Image-203-04-at-18.46.11-300x225.jpeg 300w, https:\/\/albanitaly.al\/wp-content\/uploads\/2026\/03\/WhatsApp-Image-203-04-at-18.46.11-768x576.jpeg 768w, https:\/\/albanitaly.al\/wp-content\/uploads\/2026\/03\/WhatsApp-Image-203-04-at-18.46.11-1536x1152.jpeg 1536w, https:\/\/albanitaly.al\/wp-content\/uploads\/2026\/03\/WhatsApp-Image-203-04-at-18.46.11-16x12.jpeg 16w, https:\/\/albanitaly.al\/wp-content\/uploads\/2026\/03\/WhatsApp-Image-203-04-at-18.46.11.jpeg 2000w\" sizes=\"(max-width: 1024px) 100vw, 1024px\" \/><\/figure>\n\n\n\n<p>Salone Satellite \u00ebsht\u00eb nj\u00eb trampolin\u00eb p\u00ebr talentet e reja t\u00eb dizajnit nga e gjith\u00eb bota. Shqip\u00ebria ka munguar deri tani n\u00eb k\u00ebt\u00eb list\u00eb. P\u00ebr k\u00ebt\u00eb arsye, Ambasada Italiane n\u00eb Tiran\u00eb, s\u00eb bashku me Agjencin\u00eb Italiane t\u00eb Tregtis\u00eb dhe Institutin Italian t\u00eb Kultur\u00ebs, organizuan nj\u00eb konferenc\u00eb p\u00ebr shtyp p\u00ebr t\u00eb prezantuar Salone del Mobile dhe, n\u00eb ve\u00e7anti, Salone Satellite, e cila u mbajt m\u00eb 4 mars n\u00eb Dhom\u00ebn Blu t\u00eb Oper\u00ebs n\u00eb kryeqytetin shqiptar.<\/p>\n\n\n\n<figure class=\"wp-block-image size-large\"><img decoding=\"async\" width=\"1024\" height=\"768\" src=\"https:\/\/albanitaly.al\/wp-content\/uploads\/2026\/03\/WhatsApp-Imag026-03-04-at-18.46.10-1024x768.jpeg\" alt=\"WhatsApp imazh026 03 04 n\u00eb 18:46:10\" class=\"wp-image-6679\" srcset=\"https:\/\/albanitaly.al\/wp-content\/uploads\/2026\/03\/WhatsApp-Imag026-03-04-at-18.46.10-1024x768.jpeg 1024w, https:\/\/albanitaly.al\/wp-content\/uploads\/2026\/03\/WhatsApp-Imag026-03-04-at-18.46.10-300x225.jpeg 300w, https:\/\/albanitaly.al\/wp-content\/uploads\/2026\/03\/WhatsApp-Imag026-03-04-at-18.46.10-768x576.jpeg 768w, https:\/\/albanitaly.al\/wp-content\/uploads\/2026\/03\/WhatsApp-Imag026-03-04-at-18.46.10-1536x1152.jpeg 1536w, https:\/\/albanitaly.al\/wp-content\/uploads\/2026\/03\/WhatsApp-Imag026-03-04-at-18.46.10-16x12.jpeg 16w, https:\/\/albanitaly.al\/wp-content\/uploads\/2026\/03\/WhatsApp-Imag026-03-04-at-18.46.10.jpeg 2000w\" sizes=\"(max-width: 1024px) 100vw, 1024px\" \/><\/figure>\n\n\n\n<p>N\u00eb fjal\u00ebn e tij hyr\u00ebse, Ambasadori Marco Alberti shpjegoi vler\u00ebn e madhe t\u00eb kreativitetit si nj\u00eb plan udh\u00ebzues p\u00ebr t\u00eb ardhmen, nd\u00ebrsa Matteo Picariello Signori, Drejtor i Agjencis\u00eb Italiane t\u00eb Tregtis\u00eb, theksoi r\u00ebnd\u00ebsin\u00eb e k\u00ebsaj nisme n\u00eb forcimin e marr\u00ebdh\u00ebnieve midis Italis\u00eb dhe Shqip\u00ebris\u00eb.\u00a0<\/p>\n\n\n\n<p>Krijuesja dhe kuratorja e Salone Satellite, Marva Griffin Wilshire, iu drejtua nj\u00eb audience t\u00eb mbushur kryesisht me t\u00eb rinj, duke shpjeguar n\u00eb detaje se si organizohet Salone Satellite dhe duke ftuar dizajner\u00eb t\u00eb rinj shqiptar\u00eb t\u00eb marrin pjes\u00eb n\u00eb edicionin e ardhsh\u00ebm n\u00eb vitin 2027.<\/p>\n\n\n\n<p>Alessandro Rossi, Drejtor i Shitjeve dhe Zhvillimit t\u00eb Biznesit t\u00eb ngjarjes milaneze, foli p\u00ebr aktivitetet e Salone del Mobile. Drejtori i Institutit Italian t\u00eb Kultur\u00ebs, Alessandro Ruggera, mori pjes\u00eb n\u00eb konferenc\u00ebn p\u00ebr shtyp.<\/p>\n\n\n\n<p><\/p>","protected":false},"excerpt":{"rendered":"<p>Il Salone del Mobile di Milano \u00e8 un evento mondiale che dal 1961 si svolge nel capoluogo della Lombardia durante la Settimana del Design. Per la 64esima edizione ,che si svolger\u00e0 dal 20 al 26 aprile sono previsti pi\u00f9 di 1900 espositori\u00a0\u00a0di 32 Paesi\u00a0\u00a0che occuperanno 169.000 metri quadri nella Fiera di Milano a Rho. Ma [&hellip;]<\/p>\n","protected":false},"author":3,"featured_media":6676,"comment_status":"open","ping_status":"open","sticky":false,"template":"","format":"standard","meta":{"_seopress_robots_primary_cat":"","_seopress_titles_title":"","_seopress_titles_desc":"","_seopress_robots_index":"","iawp_total_views":12,"footnotes":""},"categories":[445,449,441,437],"tags":[],"class_list":["post-6674","post","type-post","status-publish","format-standard","has-post-thumbnail","hentry","category-economia-2","category-in-evidenza","category-italiani-in-albania-2","category-notizie-da-tirana-2"],"_links":{"self":[{"href":"https:\/\/albanitaly.al\/sq\/wp-json\/wp\/v2\/posts\/6674","targetHints":{"allow":["GET"]}}],"collection":[{"href":"https:\/\/albanitaly.al\/sq\/wp-json\/wp\/v2\/posts"}],"about":[{"href":"https:\/\/albanitaly.al\/sq\/wp-json\/wp\/v2\/types\/post"}],"author":[{"embeddable":true,"href":"https:\/\/albanitaly.al\/sq\/wp-json\/wp\/v2\/users\/3"}],"replies":[{"embeddable":true,"href":"https:\/\/albanitaly.al\/sq\/wp-json\/wp\/v2\/comments?post=6674"}],"version-history":[{"count":1,"href":"https:\/\/albanitaly.al\/sq\/wp-json\/wp\/v2\/posts\/6674\/revisions"}],"predecessor-version":[{"id":6680,"href":"https:\/\/albanitaly.al\/sq\/wp-json\/wp\/v2\/posts\/6674\/revisions\/6680"}],"wp:featuredmedia":[{"embeddable":true,"href":"https:\/\/albanitaly.al\/sq\/wp-json\/wp\/v2\/media\/6676"}],"wp:attachment":[{"href":"https:\/\/albanitaly.al\/sq\/wp-json\/wp\/v2\/media?parent=6674"}],"wp:term":[{"taxonomy":"category","embeddable":true,"href":"https:\/\/albanitaly.al\/sq\/wp-json\/wp\/v2\/categories?post=6674"},{"taxonomy":"post_tag","embeddable":true,"href":"https:\/\/albanitaly.al\/sq\/wp-json\/wp\/v2\/tags?post=6674"}],"curies":[{"name":"wp","href":"https:\/\/api.w.org\/{rel}","templated":true}]}}