{"id":6682,"date":"2026-03-08T22:41:47","date_gmt":"2026-03-08T22:41:47","guid":{"rendered":"https:\/\/albanitaly.al\/?p=6682"},"modified":"2026-03-14T18:55:32","modified_gmt":"2026-03-14T18:55:32","slug":"tirana-liora-sinigaglia-u-nderua-per-angazhimin-e-saj-ndaj-kultures-dhe-artit","status":"publish","type":"post","link":"https:\/\/albanitaly.al\/sq\/tirana-liora-sinigaglia-premiata-per-il-suo-impegno-per-la-cultura-e-larte\/","title":{"rendered":"Tiran\u00eb. Liora Sinigaglia nderohet p\u00ebr angazhimin e saj ndaj kultur\u00ebs dhe artit"},"content":{"rendered":"<p>N\u00eb p\u00ebrfundim t\u00eb Expo Italia, ekspozit\u00ebs tre-ditore Made in Italy q\u00eb u mbajt n\u00eb Qendr\u00ebn e Konferencave t\u00eb Tiran\u00ebs nga 6 deri m\u00eb 8 mars, u zhvillua nj\u00eb ngjarje mbr\u00ebmjeje e dedikuar angazhimit t\u00eb grave n\u00eb shoq\u00ebri.<\/p>\n\n\n\n<figure class=\"wp-block-image size-large\"><img fetchpriority=\"high\" decoding=\"async\" width=\"1024\" height=\"431\" src=\"https:\/\/albanitaly.al\/wp-content\/uploads\/2026\/03\/WhatsApp-Image-2026-03-01-at-10.33.57-1024x431.jpeg\" alt=\"Imazhi i WhatsApp-it 2026 03 01 n\u00eb 10:33:57\" class=\"wp-image-6684\" srcset=\"https:\/\/albanitaly.al\/wp-content\/uploads\/2026\/03\/WhatsApp-Image-2026-03-01-at-10.33.57-1024x431.jpeg 1024w, https:\/\/albanitaly.al\/wp-content\/uploads\/2026\/03\/WhatsApp-Image-2026-03-01-at-10.33.57-300x126.jpeg 300w, https:\/\/albanitaly.al\/wp-content\/uploads\/2026\/03\/WhatsApp-Image-2026-03-01-at-10.33.57-768x323.jpeg 768w, https:\/\/albanitaly.al\/wp-content\/uploads\/2026\/03\/WhatsApp-Image-2026-03-01-at-10.33.57-18x8.jpeg 18w, https:\/\/albanitaly.al\/wp-content\/uploads\/2026\/03\/WhatsApp-Image-2026-03-01-at-10.33.57.jpeg 1400w\" sizes=\"(max-width: 1024px) 100vw, 1024px\" \/><\/figure>\n\n\n\n<p>Nd\u00ebrprer\u00eb nga notat rock dhe melodike t\u00eb k\u00ebng\u00ebtarit-kompozitor nga Lecco, Maurizio Pirovano, personalitete t\u00eb ndryshme mor\u00ebn radh\u00eb p\u00ebr t\u00eb treguar angazhimin e tyre kulturor dhe social.&nbsp;<\/p>\n\n\n\n<p>Nj\u00eb \u00e7mim special iu dha ministres s\u00eb re t\u00eb Sh\u00ebndet\u00ebsis\u00eb, Evis Sala, e cila punoi p\u00ebr shum\u00eb vjet n\u00eb Poliklinik\u00ebn Gemelli n\u00eb Rom\u00eb; nj\u00eb \u00e7mim iu dha edhe Natale Capodicasa, biologu mjek\u00ebsor i p\u00ebrkushtuar n\u00eb luft\u00ebn kund\u00ebr talasemis\u00eb. Shoqata As.So.Ri me seli n\u00eb Foggia u nderua gjithashtu p\u00ebr pun\u00ebn e saj pionieriste n\u00eb integrimin social t\u00eb personave me aft\u00ebsi t\u00eb kufizuara.<\/p>\n\n\n\n<p>\u00c7mimi p\u00ebr kultur\u00eb dhe art iu dha Liora Sinigaglia, nj\u00eb menaxhere arti me origjin\u00eb nga Venecia, e cila u zhvendos n\u00eb Durr\u00ebs nj\u00eb vit m\u00eb par\u00eb, ku \u00ebsht\u00eb b\u00ebr\u00eb organizatorja kryesore e nismave artistike t\u00eb qytetit.<\/p>","protected":false},"excerpt":{"rendered":"<p>A conclusione di Expo Italia, la tre giorni del Made in Italy in mostra&nbsp;&nbsp;nel Palazzo dei Congressi di Tirana dal 6 a ll&#8217;8 Marzo,si \u00e8 svolta una serata dedicata all&#8217;impegno delle donne nella societ\u00e0. Intervallate dalle note rock e melodiche del cantautore di Lecco Maurizio Pirovano, si sono alternate varie personalit\u00e0 che hanno dato lustro [&hellip;]<\/p>\n","protected":false},"author":3,"featured_media":6683,"comment_status":"open","ping_status":"open","sticky":false,"template":"","format":"standard","meta":{"_seopress_robots_primary_cat":"","_seopress_titles_title":"","_seopress_titles_desc":"","_seopress_robots_index":"","iawp_total_views":20,"footnotes":""},"categories":[446,445,449,437],"tags":[],"class_list":["post-6682","post","type-post","status-publish","format-standard","has-post-thumbnail","hentry","category-cultura-2","category-economia-2","category-in-evidenza","category-notizie-da-tirana-2"],"_links":{"self":[{"href":"https:\/\/albanitaly.al\/sq\/wp-json\/wp\/v2\/posts\/6682","targetHints":{"allow":["GET"]}}],"collection":[{"href":"https:\/\/albanitaly.al\/sq\/wp-json\/wp\/v2\/posts"}],"about":[{"href":"https:\/\/albanitaly.al\/sq\/wp-json\/wp\/v2\/types\/post"}],"author":[{"embeddable":true,"href":"https:\/\/albanitaly.al\/sq\/wp-json\/wp\/v2\/users\/3"}],"replies":[{"embeddable":true,"href":"https:\/\/albanitaly.al\/sq\/wp-json\/wp\/v2\/comments?post=6682"}],"version-history":[{"count":1,"href":"https:\/\/albanitaly.al\/sq\/wp-json\/wp\/v2\/posts\/6682\/revisions"}],"predecessor-version":[{"id":6685,"href":"https:\/\/albanitaly.al\/sq\/wp-json\/wp\/v2\/posts\/6682\/revisions\/6685"}],"wp:featuredmedia":[{"embeddable":true,"href":"https:\/\/albanitaly.al\/sq\/wp-json\/wp\/v2\/media\/6683"}],"wp:attachment":[{"href":"https:\/\/albanitaly.al\/sq\/wp-json\/wp\/v2\/media?parent=6682"}],"wp:term":[{"taxonomy":"category","embeddable":true,"href":"https:\/\/albanitaly.al\/sq\/wp-json\/wp\/v2\/categories?post=6682"},{"taxonomy":"post_tag","embeddable":true,"href":"https:\/\/albanitaly.al\/sq\/wp-json\/wp\/v2\/tags?post=6682"}],"curies":[{"name":"wp","href":"https:\/\/api.w.org\/{rel}","templated":true}]}}