{"id":6744,"date":"2026-04-25T18:26:27","date_gmt":"2026-04-25T18:26:27","guid":{"rendered":"https:\/\/albanitaly.al\/?p=6744"},"modified":"2026-04-25T18:26:29","modified_gmt":"2026-04-25T18:26:29","slug":"italia-dhe-kina-bashkojne-forcat-per-te-formesuar-te-ardhmen-e-industrise-se-mobiljeve","status":"publish","type":"post","link":"https:\/\/albanitaly.al\/sq\/italia-e-cina-insieme-per-costruire-il-futuro-dellarredamento\/","title":{"rendered":"Italia dhe Kina bashkojn\u00eb forcat p\u00ebr t\u00eb form\u00ebsuar t\u00eb ardhmen e dizajnit t\u00eb brendsh\u00ebm"},"content":{"rendered":"<p><\/p>\n\n\n\n<p> Takimi institucional me titullin \u201cItalia dhe Kina s\u00eb Bashku: Nd\u00ebrtimi i s\u00eb Ardhmes s\u00eb Mobiljeve\u201d, i organizuar nga Associazione Esperienza Italia, n\u00ebn kryesin\u00eb e Andrea Torracca, u zhvillua t\u00eb enjten n\u00eb Rom\u00eb n\u00eb Dhom\u00ebn e Deputet\u00ebve, n\u00eb Sall\u00ebn Enrico Berlinguer.<\/p>\n\n\n\n<p>Iniciativa ofroi nj\u00eb forum n\u00eb nivel t\u00eb lart\u00eb p\u00ebr diskutim midis institucioneve dhe komunitetit t\u00eb biznesit, me q\u00ebllim forcimin e dialogut midis Italis\u00eb dhe Kin\u00ebs dhe nxitjen e mund\u00ebsive t\u00eb reja e t\u00eb prekshme p\u00ebr rritje p\u00ebr bizneset italiane n\u00eb tregjet nd\u00ebrkomb\u00ebtare.<\/p>\n\n\n\n<p>Takimi u p\u00ebrqendrua n\u00eb partneritetin strategjik midis zon\u00ebs s\u00eb mobiljeve Nankang n\u00eb Ganzhou (Jiangxi) \u2013 nj\u00eb nga qendrat m\u00eb t\u00eb m\u00ebdha prodhuese n\u00eb bot\u00eb, sht\u00ebpia e m\u00eb shum\u00eb se 8,000 bizneseve \u2013 dhe komunitetit t\u00eb biznesit italian. Ky marr\u00ebveshje u krijua me nj\u00eb vizion t\u00eb qart\u00eb: t\u00eb tejkaloj\u00eb qasjet e s\u00eb kaluar\u00ebs dhe t\u00eb nd\u00ebrtoj\u00eb nj\u00eb model bashk\u00ebpunimi t\u00eb bazuar n\u00eb drejt\u00ebsi, zhvillim t\u00eb p\u00ebrbashk\u00ebt dhe promovimin e aft\u00ebsive.<\/p>\n\n\n\n<p>N\u00eb k\u00ebt\u00eb ngjarje foli gjithashtu deputetja Chiara Gribaudo, e cila theksoi natyr\u00ebn inovative t\u00eb projektit, duke v\u00ebn\u00eb n\u00eb dukje se ai p\u00ebrfaq\u00ebson nj\u00eb ndryshim perspektive n\u00eb marr\u00ebdh\u00ebniet ekonomike nd\u00ebrkomb\u00ebtare. Ajo theksoi ve\u00e7an\u00ebrisht r\u00ebnd\u00ebsin\u00eb e nj\u00eb qasjeje ku kompanit\u00eb italiane nuk blihen, por n\u00eb vend t\u00eb k\u00ebsaj u mund\u00ebsohet t\u00eb themelojn\u00eb biznese t\u00eb reja drejtp\u00ebrdrejt n\u00eb rajone, duke u hapur ndaj tregut lokal kinez dhe, m\u00eb gjer\u00ebsisht, ndaj tregut aziatik.<\/p>\n\n\n\n<p>Projekti zhvillohet n\u00eb nj\u00eb sfond global ku Kina tani \u00ebsht\u00eb nj\u00eb lojtar ky\u00e7 n\u00eb proceset industriale dhe teknologjike, me udh\u00ebheqje n\u00eb rritje n\u00eb sektor\u00eb t\u00eb till\u00eb si industria automobilistike, robotika dhe automatizimi. N\u00eb k\u00ebt\u00eb kontekst, bashk\u00ebpunimi midis sistemeve t\u00eb prodhimit b\u00ebhet nj\u00eb lev\u00eb strategjike p\u00ebr p\u00ebrballimin e sfidave t\u00eb ardhshme dhe shfryt\u00ebzimin e mund\u00ebsive t\u00eb reja p\u00ebr zhvillim.<\/p>\n\n\n\n<figure class=\"wp-block-image size-large\"><img fetchpriority=\"high\" decoding=\"async\" width=\"1024\" height=\"576\" src=\"https:\/\/albanitaly.al\/wp-content\/uploads\/2026\/04\/WhatsApp-Image-2026-04-24-at-12.51.18-1024x576.jpeg\" alt=\"Imazhi i WhatsApp-it 24 prill 2026 n\u00eb 12:51:18\" class=\"wp-image-6746\" srcset=\"https:\/\/albanitaly.al\/wp-content\/uploads\/2026\/04\/WhatsApp-Image-2026-04-24-at-12.51.18-1024x576.jpeg 1024w, https:\/\/albanitaly.al\/wp-content\/uploads\/2026\/04\/WhatsApp-Image-2026-04-24-at-12.51.18-300x169.jpeg 300w, https:\/\/albanitaly.al\/wp-content\/uploads\/2026\/04\/WhatsApp-Image-2026-04-24-at-12.51.18-768x432.jpeg 768w, https:\/\/albanitaly.al\/wp-content\/uploads\/2026\/04\/WhatsApp-Image-2026-04-24-at-12.51.18-1536x864.jpeg 1536w, https:\/\/albanitaly.al\/wp-content\/uploads\/2026\/04\/WhatsApp-Image-2026-04-24-at-12.51.18-18x10.jpeg 18w, https:\/\/albanitaly.al\/wp-content\/uploads\/2026\/04\/WhatsApp-Image-2026-04-24-at-12.51.18.jpeg 1600w\" sizes=\"(max-width: 1024px) 100vw, 1024px\" \/><\/figure>\n\n\n\n<p>N\u00eb mbledhje mor\u00ebn pjes\u00eb p\u00ebrfaq\u00ebsues institucional\u00eb dhe aktor\u00eb ky\u00e7 nga e gjith\u00eb vendi, p\u00ebrfshir\u00eb Ministrin\u00eb e Pun\u00ebve t\u00eb Jashtme me\u00a0<strong>Lara Lanzarini<\/strong>, Cassa Depositi e Prestiti, SACE me\u00a0<strong>Paola Valerio<\/strong>\u00a0dhe SIMEST me\u00a0<strong>Franceska Alicata<\/strong>, duke konfirmuar rolin qendror t\u00eb mb\u00ebshtetjes publike n\u00eb internacionalizimin e bizneseve italiane.<\/p>\n\n\n\n<p>Marr\u00ebveshja e promovuar nga Esperienza Italia \u00ebsht\u00eb e ve\u00e7ant\u00eb p\u00ebr fokusin e saj n\u00eb mbrojtjen e produkteve t\u00eb b\u00ebra n\u00eb Itali, n\u00eb nj\u00eb koh\u00eb kur nj\u00eb num\u00ebr gjithnj\u00eb e n\u00eb rritje biznesesh italiane po blihen nga kapitali i huaj. Q\u00ebllimi \u00ebsht\u00eb t\u00eb kthehet ky trend n\u00eb t\u00eb kund\u00ebrt\u00ebn, duke i pajisur kompanit\u00eb me mjetet p\u00ebr t'u zgjeruar jasht\u00eb vendit pa humbur identitetin, njohurit\u00eb teknike apo kontrollin, p\u00ebrmes partneriteteve industriale dhe nd\u00ebrmarrjeve t\u00eb p\u00ebrbashk\u00ebta.<\/p>\n\n\n\n<p><strong>\u201cN\u00eb vitet e fundit, kemi par\u00eb shum\u00eb kompani italiane q\u00eb blihen dhe i zbrazin nga pasurit\u00eb e tyre<\/strong> <strong>vler\u00eb. Ky marr\u00ebveshje \u00ebsht\u00eb krijuar p\u00ebr t\u00eb kthyer at\u00eb logjik\u00eb: ne nuk shesim 'Made in Italy', ne<\/strong> <strong>Ne i \u00e7ojm\u00eb n\u00eb bot\u00eb. Ne i \u00e7ojm\u00eb bizneset tona n\u00eb tregjet m\u00eb t\u00eb m\u00ebdha, i vendosim ato n\u00eb<\/strong> <strong>kushtet p\u00ebr t\u00eb rritur, prodhuar dhe konkurruar, duke ruajtur identitetin, cil\u00ebsin\u00eb dhe<\/strong> <strong>kontroll. \u00cbsht\u00eb nj\u00eb vendim strategjik, por edhe nj\u00eb zgjedhje vizionare p\u00ebr t\u00eb ardhmen e ton\u00eb<\/strong> <strong>\u201dsistemi industrial\"<\/strong>, tha ai <strong>Andrea Torracca<\/strong>, President i Esperienza Italia<\/p>\n\n\n\n<p><\/p>","protected":false},"excerpt":{"rendered":"<p>Si \u00e8 svolto Gioved\u00ec a Roma presso la Camera dei Deputati, nella Sala Enrico Berlinguer, l\u2019incontro istituzionale \u201cItalia e Cina insieme: costruire il futuro dell\u2019arredamento\u201d, promosso dall\u2019Associazione Esperienza Italia, presieduta da Andrea Torracca. L\u2019iniziativa ha rappresentato un momento di confronto di alto livello tra istituzioni e mondo imprenditoriale, con l\u2019obiettivo di rafforzare il dialogo tra [&hellip;]<\/p>\n","protected":false},"author":3,"featured_media":6745,"comment_status":"open","ping_status":"open","sticky":false,"template":"","format":"standard","meta":{"_seopress_robots_primary_cat":"","_seopress_titles_title":"","_seopress_titles_desc":"","_seopress_robots_index":"","iawp_total_views":3,"footnotes":""},"categories":[432,445,442],"tags":[],"class_list":["post-6744","post","type-post","status-publish","format-standard","has-post-thumbnail","hentry","category-cina","category-economia-2","category-politica-italiana-2"],"_links":{"self":[{"href":"https:\/\/albanitaly.al\/sq\/wp-json\/wp\/v2\/posts\/6744","targetHints":{"allow":["GET"]}}],"collection":[{"href":"https:\/\/albanitaly.al\/sq\/wp-json\/wp\/v2\/posts"}],"about":[{"href":"https:\/\/albanitaly.al\/sq\/wp-json\/wp\/v2\/types\/post"}],"author":[{"embeddable":true,"href":"https:\/\/albanitaly.al\/sq\/wp-json\/wp\/v2\/users\/3"}],"replies":[{"embeddable":true,"href":"https:\/\/albanitaly.al\/sq\/wp-json\/wp\/v2\/comments?post=6744"}],"version-history":[{"count":1,"href":"https:\/\/albanitaly.al\/sq\/wp-json\/wp\/v2\/posts\/6744\/revisions"}],"predecessor-version":[{"id":6747,"href":"https:\/\/albanitaly.al\/sq\/wp-json\/wp\/v2\/posts\/6744\/revisions\/6747"}],"wp:featuredmedia":[{"embeddable":true,"href":"https:\/\/albanitaly.al\/sq\/wp-json\/wp\/v2\/media\/6745"}],"wp:attachment":[{"href":"https:\/\/albanitaly.al\/sq\/wp-json\/wp\/v2\/media?parent=6744"}],"wp:term":[{"taxonomy":"category","embeddable":true,"href":"https:\/\/albanitaly.al\/sq\/wp-json\/wp\/v2\/categories?post=6744"},{"taxonomy":"post_tag","embeddable":true,"href":"https:\/\/albanitaly.al\/sq\/wp-json\/wp\/v2\/tags?post=6744"}],"curies":[{"name":"wp","href":"https:\/\/api.w.org\/{rel}","templated":true}]}}